{"id":3483,"date":"2009-09-11T17:05:00","date_gmt":"2009-09-11T15:05:00","guid":{"rendered":"https:\/\/goetz-naleppa.de\/?p=3483"},"modified":"2026-04-08T09:31:46","modified_gmt":"2026-04-08T07:31:46","slug":"goetz-naleppa-zu-gast-beim-goethe-institut-belgrad-anlaesslich-des-wettbewerbs-klangpostkarten-von-irgendwo-in-suedosteuropa","status":"publish","type":"post","link":"https:\/\/goetz-naleppa.de\/en\/goetz-naleppa-zu-gast-beim-goethe-institut-belgrad-anlaesslich-des-wettbewerbs-klangpostkarten-von-irgendwo-in-suedosteuropa\/","title":{"rendered":"G\u00f6tz Naleppa as a guest at the Goethe-Institut Belgrade on the occasion of the competition 'Sound Postcards - from somewhere in Southeast Europe'"},"content":{"rendered":"<div class=\"brz-root__container brz-reset-all brz\">\n<section id=\"_wlddhtkfdxnycxwhsdxzkaeaxqppiylnmwsb\" class=\"brz-section brz-css-sgqGh\">\n<div class=\"brz-section__content brz-section--boxed brz-css-gzNA0 brz-css-w5ERs\" data-brz-custom-id=\"ljtfjhyvzojhbzcgittpsaqoesonjtmiqoej\">\n<div class=\"brz-bg\">\n<div class=\"brz-bg-color\"><\/div>\n<\/div>\n<div class=\"brz-container brz-css-ozijo\">\n<div class=\"brz-row__container brz-css-pDY2g\" data-brz-custom-id=\"aewnnngxulswamkndwfarkbtxuvxbeqxkbgw\">\n<div class=\"brz-bg\"><\/div>\n<div class=\"brz-row brz-css-ipei8 brz-css-pZekH\">\n<div class=\"brz-columns brz-css-hN9Qx\" data-brz-custom-id=\"ciwgfnhtjllwtzqdcfwqwhxwgtzlznjfqqna\">\n<div class=\"brz-bg\"><\/div>\n<div class=\"brz-column__items brz-css-inNcD\">\n<div id=\"\" class=\"brz-css-uaqLz brz-wrapper\">\n<div class=\"brz-rich-text brz-rich-text__custom brz-css-u8PmL\" data-brz-custom-id=\"hrqjxhzpvpxrjpddwhzcbvzydgriobtpmixs\">\n<div data-brz-translate-text=\"1\">\n<p class=\"brz-tp-paragraph brz-css-fWTfw\"><span class=\"brz-cp-color7\">11 September 2009.&nbsp;<\/span><\/p>\n<p class=\"brz-tp-paragraph brz-css-aZdEy\"><strong class=\"brz-cp-color7\">G\u00f6tz Naleppa as a guest at the Goethe-Institut Belgrade<\/strong><span class=\"brz-cp-color7\">. <\/span><\/p>\n<p class=\"brz-tp-paragraph brz-css-vw_Ro\"><span class=\"brz-cp-color7\">As a juror at the&nbsp;<\/span><strong class=\"brz-cp-color7\">Competition \"<\/strong><a class=\"brz-cp-color7 link--external\" href=\"https:\/\/www.goethe.de\/ins\/cs\/de\/ver.cfm?fuseaction=events.detail&amp;event_id=4655711\" data-brz-link-type=\"external\" target=\"_blank\"><strong>Sound postcards - from somewhere in South-Eastern Europe<\/strong><\/a><strong class=\"brz-cp-color7\">\u201e<\/strong><span class=\"brz-cp-color7\">&nbsp;and at the public discussion after the presentation of the award winners.&nbsp;<\/span><\/p>\n<\/div>\n<\/div>\n<\/div>\n<\/div>\n<\/div>\n<div class=\"brz-columns brz-css-hN9Qx\" data-brz-custom-id=\"usbibytvgtwsyelprqgjfasrkafsiawkndgs\">\n<div class=\"brz-bg\"><\/div>\n<div class=\"brz-column__items brz-css-inNcD\">\n<div id=\"\" class=\"brz-css-uaqLz brz-wrapper\">\n<div class=\"brz-wp__sidebar brz-css-ftQfx\" data-brz-custom-id=\"zjssbuvimlkkimqudvucxsfffieuxovjwbpd\">\n<div style=\"min-height:20px\"><\/div>\n<\/div>\n<\/div>\n<\/div>\n<\/div>\n<\/div>\n<\/div>\n<\/div>\n<\/div>\n<\/section>\n<\/div>\n<p>    <!-- version:1736110593 --><\/p>","protected":false},"excerpt":{"rendered":"<p>11 September 2009, Goethe-Institut Belgrade<\/p>","protected":false},"author":2,"featured_media":0,"comment_status":"closed","ping_status":"closed","sticky":false,"template":"brizy-blank-template.php","format":"standard","meta":{"ngg_post_thumbnail":0,"footnotes":""},"categories":[4],"tags":[],"class_list":["post-3483","post","type-post","status-publish","format-standard","hentry","category-aktuell"],"yoast_head":"<!-- This site is optimized with the Yoast SEO plugin v27.3 - https:\/\/yoast.com\/product\/yoast-seo-wordpress\/ -->\n<title>G\u00f6tz Naleppa zu Gast beim Goethe-Institut Belgrad anl\u00e4sslich des Wettbewerbs &#8218;Klangpostkarten &#8211; von irgendwo in S\u00fcdosteuropa&#8216; - G\u00f6tz Naleppa<\/title>\n<meta name=\"robots\" content=\"index, follow, max-snippet:-1, max-image-preview:large, max-video-preview:-1\" \/>\n<link rel=\"canonical\" href=\"https:\/\/goetz-naleppa.de\/en\/goetz-naleppa-zu-gast-beim-goethe-institut-belgrad-anlaesslich-des-wettbewerbs-klangpostkarten-von-irgendwo-in-suedosteuropa\/\" \/>\n<meta property=\"og:locale\" content=\"en_GB\" \/>\n<meta property=\"og:type\" content=\"article\" \/>\n<meta property=\"og:title\" content=\"G\u00f6tz Naleppa zu Gast beim Goethe-Institut Belgrad anl\u00e4sslich des Wettbewerbs &#8218;Klangpostkarten &#8211; von irgendwo in S\u00fcdosteuropa&#8216; - G\u00f6tz Naleppa\" \/>\n<meta property=\"og:description\" content=\"11. September 2009, Goethe-Institut Belgrad\" \/>\n<meta property=\"og:url\" content=\"https:\/\/goetz-naleppa.de\/en\/goetz-naleppa-zu-gast-beim-goethe-institut-belgrad-anlaesslich-des-wettbewerbs-klangpostkarten-von-irgendwo-in-suedosteuropa\/\" \/>\n<meta property=\"og:site_name\" content=\"G\u00f6tz Naleppa\" \/>\n<meta property=\"article:published_time\" content=\"2009-09-11T15:05:00+00:00\" \/>\n<meta property=\"article:modified_time\" content=\"2026-04-08T07:31:46+00:00\" \/>\n<meta name=\"author\" content=\"G\u00f6tz Naleppa\" \/>\n<meta name=\"twitter:card\" content=\"summary_large_image\" \/>\n<meta name=\"twitter:label1\" content=\"Written by\" \/>\n\t<meta name=\"twitter:data1\" content=\"G\u00f6tz Naleppa\" \/>\n\t<meta name=\"twitter:label2\" content=\"Estimated reading time\" \/>\n\t<meta name=\"twitter:data2\" content=\"1 minute\" \/>\n<script type=\"application\/ld+json\" class=\"yoast-schema-graph\">{\"@context\":\"https:\\\/\\\/schema.org\",\"@graph\":[{\"@type\":\"Article\",\"@id\":\"https:\\\/\\\/goetz-naleppa.de\\\/en\\\/goetz-naleppa-zu-gast-beim-goethe-institut-belgrad-anlaesslich-des-wettbewerbs-klangpostkarten-von-irgendwo-in-suedosteuropa\\\/#article\",\"isPartOf\":{\"@id\":\"https:\\\/\\\/goetz-naleppa.de\\\/en\\\/goetz-naleppa-zu-gast-beim-goethe-institut-belgrad-anlaesslich-des-wettbewerbs-klangpostkarten-von-irgendwo-in-suedosteuropa\\\/\"},\"author\":{\"name\":\"G\u00f6tz Naleppa\",\"@id\":\"https:\\\/\\\/goetz-naleppa.de\\\/#\\\/schema\\\/person\\\/fb5cee4caaec1a8c4fa6dbf56faefbac\"},\"headline\":\"G\u00f6tz Naleppa zu Gast beim Goethe-Institut Belgrad anl\u00e4sslich des Wettbewerbs &#8218;Klangpostkarten &#8211; von irgendwo in S\u00fcdosteuropa&#8216;\",\"datePublished\":\"2009-09-11T15:05:00+00:00\",\"dateModified\":\"2026-04-08T07:31:46+00:00\",\"mainEntityOfPage\":{\"@id\":\"https:\\\/\\\/goetz-naleppa.de\\\/en\\\/goetz-naleppa-zu-gast-beim-goethe-institut-belgrad-anlaesslich-des-wettbewerbs-klangpostkarten-von-irgendwo-in-suedosteuropa\\\/\"},\"wordCount\":56,\"articleSection\":[\"Aktuell\"],\"inLanguage\":\"en-GB\"},{\"@type\":\"WebPage\",\"@id\":\"https:\\\/\\\/goetz-naleppa.de\\\/en\\\/goetz-naleppa-zu-gast-beim-goethe-institut-belgrad-anlaesslich-des-wettbewerbs-klangpostkarten-von-irgendwo-in-suedosteuropa\\\/\",\"url\":\"https:\\\/\\\/goetz-naleppa.de\\\/en\\\/goetz-naleppa-zu-gast-beim-goethe-institut-belgrad-anlaesslich-des-wettbewerbs-klangpostkarten-von-irgendwo-in-suedosteuropa\\\/\",\"name\":\"G\u00f6tz Naleppa zu Gast beim Goethe-Institut Belgrad anl\u00e4sslich des Wettbewerbs &#8218;Klangpostkarten &#8211; von irgendwo in S\u00fcdosteuropa&#8216; - G\u00f6tz Naleppa\",\"isPartOf\":{\"@id\":\"https:\\\/\\\/goetz-naleppa.de\\\/#website\"},\"datePublished\":\"2009-09-11T15:05:00+00:00\",\"dateModified\":\"2026-04-08T07:31:46+00:00\",\"author\":{\"@id\":\"https:\\\/\\\/goetz-naleppa.de\\\/#\\\/schema\\\/person\\\/fb5cee4caaec1a8c4fa6dbf56faefbac\"},\"inLanguage\":\"en-GB\",\"potentialAction\":[{\"@type\":\"ReadAction\",\"target\":[\"https:\\\/\\\/goetz-naleppa.de\\\/en\\\/goetz-naleppa-zu-gast-beim-goethe-institut-belgrad-anlaesslich-des-wettbewerbs-klangpostkarten-von-irgendwo-in-suedosteuropa\\\/\"]}]},{\"@type\":\"WebSite\",\"@id\":\"https:\\\/\\\/goetz-naleppa.de\\\/#website\",\"url\":\"https:\\\/\\\/goetz-naleppa.de\\\/\",\"name\":\"G\u00f6tz Naleppa\",\"description\":\"Regisseur und Klangkomponist\",\"potentialAction\":[{\"@type\":\"SearchAction\",\"target\":{\"@type\":\"EntryPoint\",\"urlTemplate\":\"https:\\\/\\\/goetz-naleppa.de\\\/?s={search_term_string}\"},\"query-input\":{\"@type\":\"PropertyValueSpecification\",\"valueRequired\":true,\"valueName\":\"search_term_string\"}}],\"inLanguage\":\"en-GB\"},{\"@type\":\"Person\",\"@id\":\"https:\\\/\\\/goetz-naleppa.de\\\/#\\\/schema\\\/person\\\/fb5cee4caaec1a8c4fa6dbf56faefbac\",\"name\":\"G\u00f6tz Naleppa\",\"image\":{\"@type\":\"ImageObject\",\"inLanguage\":\"en-GB\",\"@id\":\"https:\\\/\\\/secure.gravatar.com\\\/avatar\\\/4e54e2c7e6a9f44731b5857848f3d69c4a7baaa48c2dc989dddf98137417943a?s=96&d=mm&r=g\",\"url\":\"https:\\\/\\\/secure.gravatar.com\\\/avatar\\\/4e54e2c7e6a9f44731b5857848f3d69c4a7baaa48c2dc989dddf98137417943a?s=96&d=mm&r=g\",\"contentUrl\":\"https:\\\/\\\/secure.gravatar.com\\\/avatar\\\/4e54e2c7e6a9f44731b5857848f3d69c4a7baaa48c2dc989dddf98137417943a?s=96&d=mm&r=g\",\"caption\":\"G\u00f6tz Naleppa\"},\"url\":\"https:\\\/\\\/goetz-naleppa.de\\\/en\\\/author\\\/goetz\\\/\"}]}<\/script>\n<!-- \/ Yoast SEO plugin. -->","yoast_head_json":{"title":"G\u00f6tz Naleppa visits the Goethe-Institut Belgrade on the occasion of the competition \u201aSound Postcards \u2013 From Somewhere in Southeast Europe\u2018 - G\u00f6tz Naleppa","robots":{"index":"index","follow":"follow","max-snippet":"max-snippet:-1","max-image-preview":"max-image-preview:large","max-video-preview":"max-video-preview:-1"},"canonical":"https:\/\/goetz-naleppa.de\/en\/goetz-naleppa-zu-gast-beim-goethe-institut-belgrad-anlaesslich-des-wettbewerbs-klangpostkarten-von-irgendwo-in-suedosteuropa\/","og_locale":"en_GB","og_type":"article","og_title":"G\u00f6tz Naleppa zu Gast beim Goethe-Institut Belgrad anl\u00e4sslich des Wettbewerbs &#8218;Klangpostkarten &#8211; von irgendwo in S\u00fcdosteuropa&#8216; - G\u00f6tz Naleppa","og_description":"11. September 2009, Goethe-Institut Belgrad","og_url":"https:\/\/goetz-naleppa.de\/en\/goetz-naleppa-zu-gast-beim-goethe-institut-belgrad-anlaesslich-des-wettbewerbs-klangpostkarten-von-irgendwo-in-suedosteuropa\/","og_site_name":"G\u00f6tz Naleppa","article_published_time":"2009-09-11T15:05:00+00:00","article_modified_time":"2026-04-08T07:31:46+00:00","author":"G\u00f6tz Naleppa","twitter_card":"summary_large_image","twitter_misc":{"Written by":"G\u00f6tz Naleppa","Estimated reading time":"1 minute"},"schema":{"@context":"https:\/\/schema.org","@graph":[{"@type":"Article","@id":"https:\/\/goetz-naleppa.de\/en\/goetz-naleppa-zu-gast-beim-goethe-institut-belgrad-anlaesslich-des-wettbewerbs-klangpostkarten-von-irgendwo-in-suedosteuropa\/#article","isPartOf":{"@id":"https:\/\/goetz-naleppa.de\/en\/goetz-naleppa-zu-gast-beim-goethe-institut-belgrad-anlaesslich-des-wettbewerbs-klangpostkarten-von-irgendwo-in-suedosteuropa\/"},"author":{"name":"G\u00f6tz Naleppa","@id":"https:\/\/goetz-naleppa.de\/#\/schema\/person\/fb5cee4caaec1a8c4fa6dbf56faefbac"},"headline":"G\u00f6tz Naleppa zu Gast beim Goethe-Institut Belgrad anl\u00e4sslich des Wettbewerbs &#8218;Klangpostkarten &#8211; von irgendwo in S\u00fcdosteuropa&#8216;","datePublished":"2009-09-11T15:05:00+00:00","dateModified":"2026-04-08T07:31:46+00:00","mainEntityOfPage":{"@id":"https:\/\/goetz-naleppa.de\/en\/goetz-naleppa-zu-gast-beim-goethe-institut-belgrad-anlaesslich-des-wettbewerbs-klangpostkarten-von-irgendwo-in-suedosteuropa\/"},"wordCount":56,"articleSection":["Aktuell"],"inLanguage":"en-GB"},{"@type":"WebPage","@id":"https:\/\/goetz-naleppa.de\/en\/goetz-naleppa-zu-gast-beim-goethe-institut-belgrad-anlaesslich-des-wettbewerbs-klangpostkarten-von-irgendwo-in-suedosteuropa\/","url":"https:\/\/goetz-naleppa.de\/en\/goetz-naleppa-zu-gast-beim-goethe-institut-belgrad-anlaesslich-des-wettbewerbs-klangpostkarten-von-irgendwo-in-suedosteuropa\/","name":"G\u00f6tz Naleppa visits the Goethe-Institut Belgrade on the occasion of the competition \u201aSound Postcards \u2013 From Somewhere in Southeast Europe\u2018 - G\u00f6tz Naleppa","isPartOf":{"@id":"https:\/\/goetz-naleppa.de\/#website"},"datePublished":"2009-09-11T15:05:00+00:00","dateModified":"2026-04-08T07:31:46+00:00","author":{"@id":"https:\/\/goetz-naleppa.de\/#\/schema\/person\/fb5cee4caaec1a8c4fa6dbf56faefbac"},"inLanguage":"en-GB","potentialAction":[{"@type":"ReadAction","target":["https:\/\/goetz-naleppa.de\/en\/goetz-naleppa-zu-gast-beim-goethe-institut-belgrad-anlaesslich-des-wettbewerbs-klangpostkarten-von-irgendwo-in-suedosteuropa\/"]}]},{"@type":"WebSite","@id":"https:\/\/goetz-naleppa.de\/#website","url":"https:\/\/goetz-naleppa.de\/","name":"G\u00f6tz Naleppa","description":"Director and sound composer","potentialAction":[{"@type":"SearchAction","target":{"@type":"EntryPoint","urlTemplate":"https:\/\/goetz-naleppa.de\/?s={search_term_string}"},"query-input":{"@type":"PropertyValueSpecification","valueRequired":true,"valueName":"search_term_string"}}],"inLanguage":"en-GB"},{"@type":"Person","@id":"https:\/\/goetz-naleppa.de\/#\/schema\/person\/fb5cee4caaec1a8c4fa6dbf56faefbac","name":"G\u00f6tz Naleppa","image":{"@type":"ImageObject","inLanguage":"en-GB","@id":"https:\/\/secure.gravatar.com\/avatar\/4e54e2c7e6a9f44731b5857848f3d69c4a7baaa48c2dc989dddf98137417943a?s=96&d=mm&r=g","url":"https:\/\/secure.gravatar.com\/avatar\/4e54e2c7e6a9f44731b5857848f3d69c4a7baaa48c2dc989dddf98137417943a?s=96&d=mm&r=g","contentUrl":"https:\/\/secure.gravatar.com\/avatar\/4e54e2c7e6a9f44731b5857848f3d69c4a7baaa48c2dc989dddf98137417943a?s=96&d=mm&r=g","caption":"G\u00f6tz Naleppa"},"url":"https:\/\/goetz-naleppa.de\/en\/author\/goetz\/"}]}},"brizy_media":[],"_links":{"self":[{"href":"https:\/\/goetz-naleppa.de\/en\/wp-json\/wp\/v2\/posts\/3483","targetHints":{"allow":["GET"]}}],"collection":[{"href":"https:\/\/goetz-naleppa.de\/en\/wp-json\/wp\/v2\/posts"}],"about":[{"href":"https:\/\/goetz-naleppa.de\/en\/wp-json\/wp\/v2\/types\/post"}],"author":[{"embeddable":true,"href":"https:\/\/goetz-naleppa.de\/en\/wp-json\/wp\/v2\/users\/2"}],"replies":[{"embeddable":true,"href":"https:\/\/goetz-naleppa.de\/en\/wp-json\/wp\/v2\/comments?post=3483"}],"version-history":[{"count":3,"href":"https:\/\/goetz-naleppa.de\/en\/wp-json\/wp\/v2\/posts\/3483\/revisions"}],"predecessor-version":[{"id":48216,"href":"https:\/\/goetz-naleppa.de\/en\/wp-json\/wp\/v2\/posts\/3483\/revisions\/48216"}],"wp:attachment":[{"href":"https:\/\/goetz-naleppa.de\/en\/wp-json\/wp\/v2\/media?parent=3483"}],"wp:term":[{"taxonomy":"category","embeddable":true,"href":"https:\/\/goetz-naleppa.de\/en\/wp-json\/wp\/v2\/categories?post=3483"},{"taxonomy":"post_tag","embeddable":true,"href":"https:\/\/goetz-naleppa.de\/en\/wp-json\/wp\/v2\/tags?post=3483"}],"curies":[{"name":"wp","href":"https:\/\/api.w.org\/{rel}","templated":true}]}}