{"id":8803,"date":"1981-08-17T18:47:00","date_gmt":"1981-08-17T16:47:00","guid":{"rendered":"https:\/\/goetz-naleppa.de\/?p=8803"},"modified":"2026-04-07T16:09:27","modified_gmt":"2026-04-07T14:09:27","slug":"die-fremde-ist-auch-ein-haus","status":"publish","type":"post","link":"https:\/\/goetz-naleppa.de\/en\/die-fremde-ist-auch-ein-haus\/","title":{"rendered":"\"The stranger is also a house\""},"content":{"rendered":"<p>Author: Aras \u00d6ren (Turkey 1939)<br \/>\nGenre: Radio play<br \/>\nProduction: RIAS 1981<br \/>\nDirector: G\u00f6tz Naleppa<br \/>\nMusic: S\u00fcmeyra<br \/>\nLength: 80 min.<br \/>\nTranslation: Gisela Kraft<br \/>\nSound and technology: Hans Martin, Hohensee<\/p>\n<p>Contributors:<br \/>\nHerbert Stass, Kerim Edinsel, Hakan Kalyoncu, Alev Kubat, Leyla Kubat, Can Maya, Aras \u00d6ren, Detlef E. Otto, Enver Sen, Orhan Simsek, Remzi Yilmaz, S\u00fcleyman Y\u00fcksel<br \/>\nS\u00fcmeyra (vocals and saz)<\/p>\n<p>Content:<br \/>\nThe radio play offers a mosaic of the fates of Turkish people who are fighting hardship, social and cultural uprooting and outdated traditions between Anatolia and Berlin-Kreuzberg. It was produced mainly with Turkish actors in order to make the difficulties that make up everyday life for these people audible linguistically and acoustically.<\/p>\n<p>Remarks: Radio play of the month<\/p>","protected":false},"excerpt":{"rendered":"<p>Autor: Aras \u00d6ren (T\u00fcrkei 1939) Genre: H\u00f6rspiel Produktion: RIAS 1981 Regie: G\u00f6tz Naleppa Musik: S\u00fcmeyra [&hellip;]<\/p>\n","protected":false},"author":2,"featured_media":0,"comment_status":"closed","ping_status":"closed","sticky":false,"template":"","format":"standard","meta":{"ngg_post_thumbnail":0,"footnotes":""},"categories":[8],"tags":[],"class_list":["post-8803","post","type-post","status-publish","format-standard","hentry","category-hoerspielregie"],"yoast_head":"<!-- This site is optimized with the Yoast SEO plugin v27.3 - https:\/\/yoast.com\/product\/yoast-seo-wordpress\/ -->\n<title>&quot;Die Fremde ist auch ein Haus&quot; - G\u00f6tz Naleppa<\/title>\n<meta name=\"robots\" content=\"index, follow, max-snippet:-1, max-image-preview:large, max-video-preview:-1\" \/>\n<link rel=\"canonical\" href=\"https:\/\/goetz-naleppa.de\/en\/die-fremde-ist-auch-ein-haus\/\" \/>\n<meta property=\"og:locale\" content=\"en_GB\" \/>\n<meta property=\"og:type\" content=\"article\" \/>\n<meta property=\"og:title\" content=\"&quot;Die Fremde ist auch ein Haus&quot; - G\u00f6tz Naleppa\" \/>\n<meta property=\"og:description\" content=\"Autor: Aras \u00d6ren (T\u00fcrkei 1939) Genre: H\u00f6rspiel Produktion: RIAS 1981 Regie: G\u00f6tz Naleppa Musik: S\u00fcmeyra [&hellip;]\" \/>\n<meta property=\"og:url\" content=\"https:\/\/goetz-naleppa.de\/en\/die-fremde-ist-auch-ein-haus\/\" \/>\n<meta property=\"og:site_name\" content=\"G\u00f6tz Naleppa\" \/>\n<meta property=\"article:published_time\" content=\"1981-08-17T16:47:00+00:00\" \/>\n<meta property=\"article:modified_time\" content=\"2026-04-07T14:09:27+00:00\" \/>\n<meta name=\"author\" content=\"G\u00f6tz Naleppa\" \/>\n<meta name=\"twitter:card\" content=\"summary_large_image\" \/>\n<meta name=\"twitter:label1\" content=\"Written by\" \/>\n\t<meta name=\"twitter:data1\" content=\"G\u00f6tz Naleppa\" \/>\n\t<meta name=\"twitter:label2\" content=\"Estimated reading time\" \/>\n\t<meta name=\"twitter:data2\" content=\"1 minute\" \/>\n<script type=\"application\/ld+json\" class=\"yoast-schema-graph\">{\"@context\":\"https:\\\/\\\/schema.org\",\"@graph\":[{\"@type\":\"Article\",\"@id\":\"https:\\\/\\\/goetz-naleppa.de\\\/die-fremde-ist-auch-ein-haus\\\/#article\",\"isPartOf\":{\"@id\":\"https:\\\/\\\/goetz-naleppa.de\\\/die-fremde-ist-auch-ein-haus\\\/\"},\"author\":{\"name\":\"G\u00f6tz Naleppa\",\"@id\":\"https:\\\/\\\/goetz-naleppa.de\\\/#\\\/schema\\\/person\\\/fb5cee4caaec1a8c4fa6dbf56faefbac\"},\"headline\":\"&#8222;Die Fremde ist auch ein Haus&#8220;\",\"datePublished\":\"1981-08-17T16:47:00+00:00\",\"dateModified\":\"2026-04-07T14:09:27+00:00\",\"mainEntityOfPage\":{\"@id\":\"https:\\\/\\\/goetz-naleppa.de\\\/die-fremde-ist-auch-ein-haus\\\/\"},\"wordCount\":126,\"articleSection\":[\"H\u00f6rspielregie\"],\"inLanguage\":\"en-GB\"},{\"@type\":\"WebPage\",\"@id\":\"https:\\\/\\\/goetz-naleppa.de\\\/die-fremde-ist-auch-ein-haus\\\/\",\"url\":\"https:\\\/\\\/goetz-naleppa.de\\\/die-fremde-ist-auch-ein-haus\\\/\",\"name\":\"\\\"Die Fremde ist auch ein Haus\\\" - G\u00f6tz Naleppa\",\"isPartOf\":{\"@id\":\"https:\\\/\\\/goetz-naleppa.de\\\/#website\"},\"datePublished\":\"1981-08-17T16:47:00+00:00\",\"dateModified\":\"2026-04-07T14:09:27+00:00\",\"author\":{\"@id\":\"https:\\\/\\\/goetz-naleppa.de\\\/#\\\/schema\\\/person\\\/fb5cee4caaec1a8c4fa6dbf56faefbac\"},\"inLanguage\":\"en-GB\",\"potentialAction\":[{\"@type\":\"ReadAction\",\"target\":[\"https:\\\/\\\/goetz-naleppa.de\\\/die-fremde-ist-auch-ein-haus\\\/\"]}]},{\"@type\":\"WebSite\",\"@id\":\"https:\\\/\\\/goetz-naleppa.de\\\/#website\",\"url\":\"https:\\\/\\\/goetz-naleppa.de\\\/\",\"name\":\"G\u00f6tz Naleppa\",\"description\":\"Regisseur und Klangkomponist\",\"potentialAction\":[{\"@type\":\"SearchAction\",\"target\":{\"@type\":\"EntryPoint\",\"urlTemplate\":\"https:\\\/\\\/goetz-naleppa.de\\\/?s={search_term_string}\"},\"query-input\":{\"@type\":\"PropertyValueSpecification\",\"valueRequired\":true,\"valueName\":\"search_term_string\"}}],\"inLanguage\":\"en-GB\"},{\"@type\":\"Person\",\"@id\":\"https:\\\/\\\/goetz-naleppa.de\\\/#\\\/schema\\\/person\\\/fb5cee4caaec1a8c4fa6dbf56faefbac\",\"name\":\"G\u00f6tz Naleppa\",\"image\":{\"@type\":\"ImageObject\",\"inLanguage\":\"en-GB\",\"@id\":\"https:\\\/\\\/secure.gravatar.com\\\/avatar\\\/4e54e2c7e6a9f44731b5857848f3d69c4a7baaa48c2dc989dddf98137417943a?s=96&d=mm&r=g\",\"url\":\"https:\\\/\\\/secure.gravatar.com\\\/avatar\\\/4e54e2c7e6a9f44731b5857848f3d69c4a7baaa48c2dc989dddf98137417943a?s=96&d=mm&r=g\",\"contentUrl\":\"https:\\\/\\\/secure.gravatar.com\\\/avatar\\\/4e54e2c7e6a9f44731b5857848f3d69c4a7baaa48c2dc989dddf98137417943a?s=96&d=mm&r=g\",\"caption\":\"G\u00f6tz Naleppa\"},\"url\":\"https:\\\/\\\/goetz-naleppa.de\\\/en\\\/author\\\/goetz\\\/\"}]}<\/script>\n<!-- \/ Yoast SEO plugin. -->","yoast_head_json":{"title":"\"Die Fremde ist auch ein Haus\" - G\u00f6tz Naleppa","robots":{"index":"index","follow":"follow","max-snippet":"max-snippet:-1","max-image-preview":"max-image-preview:large","max-video-preview":"max-video-preview:-1"},"canonical":"https:\/\/goetz-naleppa.de\/en\/die-fremde-ist-auch-ein-haus\/","og_locale":"en_GB","og_type":"article","og_title":"\"Die Fremde ist auch ein Haus\" - G\u00f6tz Naleppa","og_description":"Autor: Aras \u00d6ren (T\u00fcrkei 1939) Genre: H\u00f6rspiel Produktion: RIAS 1981 Regie: G\u00f6tz Naleppa Musik: S\u00fcmeyra [&hellip;]","og_url":"https:\/\/goetz-naleppa.de\/en\/die-fremde-ist-auch-ein-haus\/","og_site_name":"G\u00f6tz Naleppa","article_published_time":"1981-08-17T16:47:00+00:00","article_modified_time":"2026-04-07T14:09:27+00:00","author":"G\u00f6tz Naleppa","twitter_card":"summary_large_image","twitter_misc":{"Written by":"G\u00f6tz Naleppa","Estimated reading time":"1 minute"},"schema":{"@context":"https:\/\/schema.org","@graph":[{"@type":"Article","@id":"https:\/\/goetz-naleppa.de\/die-fremde-ist-auch-ein-haus\/#article","isPartOf":{"@id":"https:\/\/goetz-naleppa.de\/die-fremde-ist-auch-ein-haus\/"},"author":{"name":"G\u00f6tz Naleppa","@id":"https:\/\/goetz-naleppa.de\/#\/schema\/person\/fb5cee4caaec1a8c4fa6dbf56faefbac"},"headline":"&#8222;Die Fremde ist auch ein Haus&#8220;","datePublished":"1981-08-17T16:47:00+00:00","dateModified":"2026-04-07T14:09:27+00:00","mainEntityOfPage":{"@id":"https:\/\/goetz-naleppa.de\/die-fremde-ist-auch-ein-haus\/"},"wordCount":126,"articleSection":["H\u00f6rspielregie"],"inLanguage":"en-GB"},{"@type":"WebPage","@id":"https:\/\/goetz-naleppa.de\/die-fremde-ist-auch-ein-haus\/","url":"https:\/\/goetz-naleppa.de\/die-fremde-ist-auch-ein-haus\/","name":"\"Die Fremde ist auch ein Haus\" - G\u00f6tz Naleppa","isPartOf":{"@id":"https:\/\/goetz-naleppa.de\/#website"},"datePublished":"1981-08-17T16:47:00+00:00","dateModified":"2026-04-07T14:09:27+00:00","author":{"@id":"https:\/\/goetz-naleppa.de\/#\/schema\/person\/fb5cee4caaec1a8c4fa6dbf56faefbac"},"inLanguage":"en-GB","potentialAction":[{"@type":"ReadAction","target":["https:\/\/goetz-naleppa.de\/die-fremde-ist-auch-ein-haus\/"]}]},{"@type":"WebSite","@id":"https:\/\/goetz-naleppa.de\/#website","url":"https:\/\/goetz-naleppa.de\/","name":"G\u00f6tz Naleppa","description":"Director and sound composer","potentialAction":[{"@type":"SearchAction","target":{"@type":"EntryPoint","urlTemplate":"https:\/\/goetz-naleppa.de\/?s={search_term_string}"},"query-input":{"@type":"PropertyValueSpecification","valueRequired":true,"valueName":"search_term_string"}}],"inLanguage":"en-GB"},{"@type":"Person","@id":"https:\/\/goetz-naleppa.de\/#\/schema\/person\/fb5cee4caaec1a8c4fa6dbf56faefbac","name":"G\u00f6tz Naleppa","image":{"@type":"ImageObject","inLanguage":"en-GB","@id":"https:\/\/secure.gravatar.com\/avatar\/4e54e2c7e6a9f44731b5857848f3d69c4a7baaa48c2dc989dddf98137417943a?s=96&d=mm&r=g","url":"https:\/\/secure.gravatar.com\/avatar\/4e54e2c7e6a9f44731b5857848f3d69c4a7baaa48c2dc989dddf98137417943a?s=96&d=mm&r=g","contentUrl":"https:\/\/secure.gravatar.com\/avatar\/4e54e2c7e6a9f44731b5857848f3d69c4a7baaa48c2dc989dddf98137417943a?s=96&d=mm&r=g","caption":"G\u00f6tz Naleppa"},"url":"https:\/\/goetz-naleppa.de\/en\/author\/goetz\/"}]}},"brizy_media":[],"_links":{"self":[{"href":"https:\/\/goetz-naleppa.de\/en\/wp-json\/wp\/v2\/posts\/8803","targetHints":{"allow":["GET"]}}],"collection":[{"href":"https:\/\/goetz-naleppa.de\/en\/wp-json\/wp\/v2\/posts"}],"about":[{"href":"https:\/\/goetz-naleppa.de\/en\/wp-json\/wp\/v2\/types\/post"}],"author":[{"embeddable":true,"href":"https:\/\/goetz-naleppa.de\/en\/wp-json\/wp\/v2\/users\/2"}],"replies":[{"embeddable":true,"href":"https:\/\/goetz-naleppa.de\/en\/wp-json\/wp\/v2\/comments?post=8803"}],"version-history":[{"count":1,"href":"https:\/\/goetz-naleppa.de\/en\/wp-json\/wp\/v2\/posts\/8803\/revisions"}],"predecessor-version":[{"id":44671,"href":"https:\/\/goetz-naleppa.de\/en\/wp-json\/wp\/v2\/posts\/8803\/revisions\/44671"}],"wp:attachment":[{"href":"https:\/\/goetz-naleppa.de\/en\/wp-json\/wp\/v2\/media?parent=8803"}],"wp:term":[{"taxonomy":"category","embeddable":true,"href":"https:\/\/goetz-naleppa.de\/en\/wp-json\/wp\/v2\/categories?post=8803"},{"taxonomy":"post_tag","embeddable":true,"href":"https:\/\/goetz-naleppa.de\/en\/wp-json\/wp\/v2\/tags?post=8803"}],"curies":[{"name":"wp","href":"https:\/\/api.w.org\/{rel}","templated":true}]}}