{"id":8943,"date":"1997-07-30T18:47:00","date_gmt":"1997-07-30T16:47:00","guid":{"rendered":"https:\/\/goetz-naleppa.de\/?p=8943"},"modified":"2026-04-07T16:09:22","modified_gmt":"2026-04-07T14:09:22","slug":"kanak-sprak-misstoene-vom-rande-der-gesellschaft","status":"publish","type":"post","link":"https:\/\/goetz-naleppa.de\/en\/kanak-sprak-misstoene-vom-rande-der-gesellschaft\/","title":{"rendered":"\"Kanak Sprak\" - Discordant Sounds from the Margins of Society"},"content":{"rendered":"<p>Author: Feridun Zaimoglu (Turkey 1964)<br \/>\nGenre: Radio play<br \/>\nProduction: DLR\/SDR 1997<img loading=\"lazy\" decoding=\"async\" class=\"size-full wp-image-16004 alignright\" src=\"https:\/\/goetz-naleppa.de\/wp-content\/uploads\/2020\/02\/Kanak-Sprak.jpeg\" alt=\"\" width=\"238\" height=\"212\" \/><br \/>\nDirector: G\u00f6tz Naleppa<br \/>\nMusic: Da Crime Posse<br \/>\nLength: 52 min.<br \/>\nSound and technology: Andreas Narr<\/p>\n<p>Contributors:<br \/>\nRap: Ali Aksoy, Ole Peter Je\u00df<br \/>\nVoices: Aykut Kayacik, M\u00fcrt\u00fcz Yolcu, Hasan Ali Mete, Feridun Zaimoglu, a.o.<br \/>\nSaz: Michael Rodach<\/p>\n<p>Content:<br \/>\nHow does one live, how does one feel as a Kanake in Germany? For decades, the term \"Kanake\" was used to indicate the social position of Turks living here. Now the children of immigrants have adopted the pejorative label for themselves and neutralised its connotation. \"Kanake\", a name young second and third generation Turks use with proud defiance. Zaimoglu has literarily adapted the wild and radically authentic confessions of young men of Turkish descent. Their \"Kanak Sprak\", a mixture of native dialects and street German, blends with all its harshness and poetry to create a shrill, anarchic canon from the fringes of society.<br \/>\n\"kanake there, kanake there, wherever you go...as if you had a lump of cancer in the middle of your face and were entangled in such loops of air, whirled away by everyone and everything...\"<\/p>\n<p>Published by Der Audio Verlag DAV as a CD.<\/p>","protected":false},"excerpt":{"rendered":"<p>Autor: Feridun Zaimoglu (T\u00fcrkei 1964) Genre: H\u00f6rspiel Produktion: DLR\/SDR 1997 Regie: G\u00f6tz Naleppa Musik: Da [&hellip;]<\/p>\n","protected":false},"author":2,"featured_media":0,"comment_status":"closed","ping_status":"closed","sticky":false,"template":"","format":"standard","meta":{"ngg_post_thumbnail":0,"footnotes":""},"categories":[8,34],"tags":[],"class_list":["post-8943","post","type-post","status-publish","format-standard","hentry","category-hoerspielregie","category-medien"],"yoast_head":"<!-- This site is optimized with the Yoast SEO plugin v27.3 - https:\/\/yoast.com\/product\/yoast-seo-wordpress\/ -->\n<title>&quot;Kanak Sprak&quot; - Mi\u00dft\u00f6ne vom Rande der Gesellschaft - G\u00f6tz Naleppa<\/title>\n<meta name=\"robots\" content=\"index, follow, max-snippet:-1, max-image-preview:large, max-video-preview:-1\" \/>\n<link rel=\"canonical\" href=\"https:\/\/goetz-naleppa.de\/en\/kanak-sprak-misstoene-vom-rande-der-gesellschaft\/\" \/>\n<meta property=\"og:locale\" content=\"en_GB\" \/>\n<meta property=\"og:type\" content=\"article\" \/>\n<meta property=\"og:title\" content=\"&quot;Kanak Sprak&quot; - Mi\u00dft\u00f6ne vom Rande der Gesellschaft - G\u00f6tz Naleppa\" \/>\n<meta property=\"og:description\" content=\"Autor: Feridun Zaimoglu (T\u00fcrkei 1964) Genre: H\u00f6rspiel Produktion: DLR\/SDR 1997 Regie: G\u00f6tz Naleppa Musik: Da [&hellip;]\" \/>\n<meta property=\"og:url\" content=\"https:\/\/goetz-naleppa.de\/en\/kanak-sprak-misstoene-vom-rande-der-gesellschaft\/\" \/>\n<meta property=\"og:site_name\" content=\"G\u00f6tz Naleppa\" \/>\n<meta property=\"article:published_time\" content=\"1997-07-30T16:47:00+00:00\" \/>\n<meta property=\"article:modified_time\" content=\"2026-04-07T14:09:22+00:00\" \/>\n<meta property=\"og:image\" content=\"https:\/\/goetz-naleppa.de\/wp-content\/uploads\/2020\/02\/Kanak-Sprak.jpeg\" \/>\n\t<meta property=\"og:image:width\" content=\"238\" \/>\n\t<meta property=\"og:image:height\" content=\"212\" \/>\n\t<meta property=\"og:image:type\" content=\"image\/jpeg\" \/>\n<meta name=\"author\" content=\"G\u00f6tz Naleppa\" \/>\n<meta name=\"twitter:card\" content=\"summary_large_image\" \/>\n<meta name=\"twitter:label1\" content=\"Written by\" \/>\n\t<meta name=\"twitter:data1\" content=\"G\u00f6tz Naleppa\" \/>\n\t<meta name=\"twitter:label2\" content=\"Estimated reading time\" \/>\n\t<meta name=\"twitter:data2\" content=\"1 minute\" \/>\n<script type=\"application\/ld+json\" class=\"yoast-schema-graph\">{\"@context\":\"https:\\\/\\\/schema.org\",\"@graph\":[{\"@type\":\"Article\",\"@id\":\"https:\\\/\\\/goetz-naleppa.de\\\/kanak-sprak-misstoene-vom-rande-der-gesellschaft\\\/#article\",\"isPartOf\":{\"@id\":\"https:\\\/\\\/goetz-naleppa.de\\\/kanak-sprak-misstoene-vom-rande-der-gesellschaft\\\/\"},\"author\":{\"name\":\"G\u00f6tz Naleppa\",\"@id\":\"https:\\\/\\\/goetz-naleppa.de\\\/#\\\/schema\\\/person\\\/fb5cee4caaec1a8c4fa6dbf56faefbac\"},\"headline\":\"&#8222;Kanak Sprak&#8220; &#8211; Mi\u00dft\u00f6ne vom Rande der Gesellschaft\",\"datePublished\":\"1997-07-30T16:47:00+00:00\",\"dateModified\":\"2026-04-07T14:09:22+00:00\",\"mainEntityOfPage\":{\"@id\":\"https:\\\/\\\/goetz-naleppa.de\\\/kanak-sprak-misstoene-vom-rande-der-gesellschaft\\\/\"},\"wordCount\":210,\"image\":{\"@id\":\"https:\\\/\\\/goetz-naleppa.de\\\/kanak-sprak-misstoene-vom-rande-der-gesellschaft\\\/#primaryimage\"},\"thumbnailUrl\":\"https:\\\/\\\/goetz-naleppa.de\\\/wp-content\\\/uploads\\\/2020\\\/02\\\/Kanak-Sprak.jpeg\",\"articleSection\":[\"H\u00f6rspielregie\",\"Medien\"],\"inLanguage\":\"en-GB\"},{\"@type\":\"WebPage\",\"@id\":\"https:\\\/\\\/goetz-naleppa.de\\\/kanak-sprak-misstoene-vom-rande-der-gesellschaft\\\/\",\"url\":\"https:\\\/\\\/goetz-naleppa.de\\\/kanak-sprak-misstoene-vom-rande-der-gesellschaft\\\/\",\"name\":\"\\\"Kanak Sprak\\\" - Mi\u00dft\u00f6ne vom Rande der Gesellschaft - G\u00f6tz Naleppa\",\"isPartOf\":{\"@id\":\"https:\\\/\\\/goetz-naleppa.de\\\/#website\"},\"primaryImageOfPage\":{\"@id\":\"https:\\\/\\\/goetz-naleppa.de\\\/kanak-sprak-misstoene-vom-rande-der-gesellschaft\\\/#primaryimage\"},\"image\":{\"@id\":\"https:\\\/\\\/goetz-naleppa.de\\\/kanak-sprak-misstoene-vom-rande-der-gesellschaft\\\/#primaryimage\"},\"thumbnailUrl\":\"https:\\\/\\\/goetz-naleppa.de\\\/wp-content\\\/uploads\\\/2020\\\/02\\\/Kanak-Sprak.jpeg\",\"datePublished\":\"1997-07-30T16:47:00+00:00\",\"dateModified\":\"2026-04-07T14:09:22+00:00\",\"author\":{\"@id\":\"https:\\\/\\\/goetz-naleppa.de\\\/#\\\/schema\\\/person\\\/fb5cee4caaec1a8c4fa6dbf56faefbac\"},\"inLanguage\":\"en-GB\",\"potentialAction\":[{\"@type\":\"ReadAction\",\"target\":[\"https:\\\/\\\/goetz-naleppa.de\\\/kanak-sprak-misstoene-vom-rande-der-gesellschaft\\\/\"]}]},{\"@type\":\"ImageObject\",\"inLanguage\":\"en-GB\",\"@id\":\"https:\\\/\\\/goetz-naleppa.de\\\/kanak-sprak-misstoene-vom-rande-der-gesellschaft\\\/#primaryimage\",\"url\":\"https:\\\/\\\/goetz-naleppa.de\\\/wp-content\\\/uploads\\\/2020\\\/02\\\/Kanak-Sprak.jpeg\",\"contentUrl\":\"https:\\\/\\\/goetz-naleppa.de\\\/wp-content\\\/uploads\\\/2020\\\/02\\\/Kanak-Sprak.jpeg\"},{\"@type\":\"WebSite\",\"@id\":\"https:\\\/\\\/goetz-naleppa.de\\\/#website\",\"url\":\"https:\\\/\\\/goetz-naleppa.de\\\/\",\"name\":\"G\u00f6tz Naleppa\",\"description\":\"Regisseur und Klangkomponist\",\"potentialAction\":[{\"@type\":\"SearchAction\",\"target\":{\"@type\":\"EntryPoint\",\"urlTemplate\":\"https:\\\/\\\/goetz-naleppa.de\\\/?s={search_term_string}\"},\"query-input\":{\"@type\":\"PropertyValueSpecification\",\"valueRequired\":true,\"valueName\":\"search_term_string\"}}],\"inLanguage\":\"en-GB\"},{\"@type\":\"Person\",\"@id\":\"https:\\\/\\\/goetz-naleppa.de\\\/#\\\/schema\\\/person\\\/fb5cee4caaec1a8c4fa6dbf56faefbac\",\"name\":\"G\u00f6tz Naleppa\",\"image\":{\"@type\":\"ImageObject\",\"inLanguage\":\"en-GB\",\"@id\":\"https:\\\/\\\/secure.gravatar.com\\\/avatar\\\/4e54e2c7e6a9f44731b5857848f3d69c4a7baaa48c2dc989dddf98137417943a?s=96&d=mm&r=g\",\"url\":\"https:\\\/\\\/secure.gravatar.com\\\/avatar\\\/4e54e2c7e6a9f44731b5857848f3d69c4a7baaa48c2dc989dddf98137417943a?s=96&d=mm&r=g\",\"contentUrl\":\"https:\\\/\\\/secure.gravatar.com\\\/avatar\\\/4e54e2c7e6a9f44731b5857848f3d69c4a7baaa48c2dc989dddf98137417943a?s=96&d=mm&r=g\",\"caption\":\"G\u00f6tz Naleppa\"},\"url\":\"https:\\\/\\\/goetz-naleppa.de\\\/en\\\/author\\\/goetz\\\/\"}]}<\/script>\n<!-- \/ Yoast SEO plugin. -->","yoast_head_json":{"title":"\"Kanak Sprak\" - Mi\u00dft\u00f6ne vom Rande der Gesellschaft - G\u00f6tz Naleppa","robots":{"index":"index","follow":"follow","max-snippet":"max-snippet:-1","max-image-preview":"max-image-preview:large","max-video-preview":"max-video-preview:-1"},"canonical":"https:\/\/goetz-naleppa.de\/en\/kanak-sprak-misstoene-vom-rande-der-gesellschaft\/","og_locale":"en_GB","og_type":"article","og_title":"\"Kanak Sprak\" - Mi\u00dft\u00f6ne vom Rande der Gesellschaft - G\u00f6tz Naleppa","og_description":"Autor: Feridun Zaimoglu (T\u00fcrkei 1964) Genre: H\u00f6rspiel Produktion: DLR\/SDR 1997 Regie: G\u00f6tz Naleppa Musik: Da [&hellip;]","og_url":"https:\/\/goetz-naleppa.de\/en\/kanak-sprak-misstoene-vom-rande-der-gesellschaft\/","og_site_name":"G\u00f6tz Naleppa","article_published_time":"1997-07-30T16:47:00+00:00","article_modified_time":"2026-04-07T14:09:22+00:00","og_image":[{"width":238,"height":212,"url":"https:\/\/goetz-naleppa.de\/wp-content\/uploads\/2020\/02\/Kanak-Sprak.jpeg","type":"image\/jpeg"}],"author":"G\u00f6tz Naleppa","twitter_card":"summary_large_image","twitter_misc":{"Written by":"G\u00f6tz Naleppa","Estimated reading time":"1 minute"},"schema":{"@context":"https:\/\/schema.org","@graph":[{"@type":"Article","@id":"https:\/\/goetz-naleppa.de\/kanak-sprak-misstoene-vom-rande-der-gesellschaft\/#article","isPartOf":{"@id":"https:\/\/goetz-naleppa.de\/kanak-sprak-misstoene-vom-rande-der-gesellschaft\/"},"author":{"name":"G\u00f6tz Naleppa","@id":"https:\/\/goetz-naleppa.de\/#\/schema\/person\/fb5cee4caaec1a8c4fa6dbf56faefbac"},"headline":"&#8222;Kanak Sprak&#8220; &#8211; Mi\u00dft\u00f6ne vom Rande der Gesellschaft","datePublished":"1997-07-30T16:47:00+00:00","dateModified":"2026-04-07T14:09:22+00:00","mainEntityOfPage":{"@id":"https:\/\/goetz-naleppa.de\/kanak-sprak-misstoene-vom-rande-der-gesellschaft\/"},"wordCount":210,"image":{"@id":"https:\/\/goetz-naleppa.de\/kanak-sprak-misstoene-vom-rande-der-gesellschaft\/#primaryimage"},"thumbnailUrl":"https:\/\/goetz-naleppa.de\/wp-content\/uploads\/2020\/02\/Kanak-Sprak.jpeg","articleSection":["H\u00f6rspielregie","Medien"],"inLanguage":"en-GB"},{"@type":"WebPage","@id":"https:\/\/goetz-naleppa.de\/kanak-sprak-misstoene-vom-rande-der-gesellschaft\/","url":"https:\/\/goetz-naleppa.de\/kanak-sprak-misstoene-vom-rande-der-gesellschaft\/","name":"\"Kanak Sprak\" - Mi\u00dft\u00f6ne vom Rande der Gesellschaft - G\u00f6tz Naleppa","isPartOf":{"@id":"https:\/\/goetz-naleppa.de\/#website"},"primaryImageOfPage":{"@id":"https:\/\/goetz-naleppa.de\/kanak-sprak-misstoene-vom-rande-der-gesellschaft\/#primaryimage"},"image":{"@id":"https:\/\/goetz-naleppa.de\/kanak-sprak-misstoene-vom-rande-der-gesellschaft\/#primaryimage"},"thumbnailUrl":"https:\/\/goetz-naleppa.de\/wp-content\/uploads\/2020\/02\/Kanak-Sprak.jpeg","datePublished":"1997-07-30T16:47:00+00:00","dateModified":"2026-04-07T14:09:22+00:00","author":{"@id":"https:\/\/goetz-naleppa.de\/#\/schema\/person\/fb5cee4caaec1a8c4fa6dbf56faefbac"},"inLanguage":"en-GB","potentialAction":[{"@type":"ReadAction","target":["https:\/\/goetz-naleppa.de\/kanak-sprak-misstoene-vom-rande-der-gesellschaft\/"]}]},{"@type":"ImageObject","inLanguage":"en-GB","@id":"https:\/\/goetz-naleppa.de\/kanak-sprak-misstoene-vom-rande-der-gesellschaft\/#primaryimage","url":"https:\/\/goetz-naleppa.de\/wp-content\/uploads\/2020\/02\/Kanak-Sprak.jpeg","contentUrl":"https:\/\/goetz-naleppa.de\/wp-content\/uploads\/2020\/02\/Kanak-Sprak.jpeg"},{"@type":"WebSite","@id":"https:\/\/goetz-naleppa.de\/#website","url":"https:\/\/goetz-naleppa.de\/","name":"G\u00f6tz Naleppa","description":"Director and sound composer","potentialAction":[{"@type":"SearchAction","target":{"@type":"EntryPoint","urlTemplate":"https:\/\/goetz-naleppa.de\/?s={search_term_string}"},"query-input":{"@type":"PropertyValueSpecification","valueRequired":true,"valueName":"search_term_string"}}],"inLanguage":"en-GB"},{"@type":"Person","@id":"https:\/\/goetz-naleppa.de\/#\/schema\/person\/fb5cee4caaec1a8c4fa6dbf56faefbac","name":"G\u00f6tz Naleppa","image":{"@type":"ImageObject","inLanguage":"en-GB","@id":"https:\/\/secure.gravatar.com\/avatar\/4e54e2c7e6a9f44731b5857848f3d69c4a7baaa48c2dc989dddf98137417943a?s=96&d=mm&r=g","url":"https:\/\/secure.gravatar.com\/avatar\/4e54e2c7e6a9f44731b5857848f3d69c4a7baaa48c2dc989dddf98137417943a?s=96&d=mm&r=g","contentUrl":"https:\/\/secure.gravatar.com\/avatar\/4e54e2c7e6a9f44731b5857848f3d69c4a7baaa48c2dc989dddf98137417943a?s=96&d=mm&r=g","caption":"G\u00f6tz Naleppa"},"url":"https:\/\/goetz-naleppa.de\/en\/author\/goetz\/"}]}},"brizy_media":[],"_links":{"self":[{"href":"https:\/\/goetz-naleppa.de\/en\/wp-json\/wp\/v2\/posts\/8943","targetHints":{"allow":["GET"]}}],"collection":[{"href":"https:\/\/goetz-naleppa.de\/en\/wp-json\/wp\/v2\/posts"}],"about":[{"href":"https:\/\/goetz-naleppa.de\/en\/wp-json\/wp\/v2\/types\/post"}],"author":[{"embeddable":true,"href":"https:\/\/goetz-naleppa.de\/en\/wp-json\/wp\/v2\/users\/2"}],"replies":[{"embeddable":true,"href":"https:\/\/goetz-naleppa.de\/en\/wp-json\/wp\/v2\/comments?post=8943"}],"version-history":[{"count":1,"href":"https:\/\/goetz-naleppa.de\/en\/wp-json\/wp\/v2\/posts\/8943\/revisions"}],"predecessor-version":[{"id":44589,"href":"https:\/\/goetz-naleppa.de\/en\/wp-json\/wp\/v2\/posts\/8943\/revisions\/44589"}],"wp:attachment":[{"href":"https:\/\/goetz-naleppa.de\/en\/wp-json\/wp\/v2\/media?parent=8943"}],"wp:term":[{"taxonomy":"category","embeddable":true,"href":"https:\/\/goetz-naleppa.de\/en\/wp-json\/wp\/v2\/categories?post=8943"},{"taxonomy":"post_tag","embeddable":true,"href":"https:\/\/goetz-naleppa.de\/en\/wp-json\/wp\/v2\/tags?post=8943"}],"curies":[{"name":"wp","href":"https:\/\/api.w.org\/{rel}","templated":true}]}}