{"id":9011,"date":"2007-01-30T18:47:00","date_gmt":"2007-01-30T17:47:00","guid":{"rendered":"https:\/\/goetz-naleppa.de\/?p=9011"},"modified":"2026-04-07T16:09:19","modified_gmt":"2026-04-07T14:09:19","slug":"lyrikkalender-2007","status":"publish","type":"post","link":"https:\/\/goetz-naleppa.de\/en\/lyrikkalender-2007\/","title":{"rendered":"Poetry Calendar 2007"},"content":{"rendered":"<p>Author: Various<br \/>\nGenre: Literature, Poetry<br \/>\nProduction: Deutschlandfunk 2007<br \/>\nDirector: G\u00f6tz Naleppa<br \/>\nAssistant Director: Karena L\u00fctge<br \/>\nSound and technology: Lutz Pahl<\/p>\n<p>Starring: Boris Aljinovic, Carmen Maya Antoni, Jule B\u00f6we, Christian Br\u00fcckner, Martin Engler, Winfried Glatzeder, Sylvester Groth, Matthias Habich, Maren Kroymann, Jutta Lampe, Otto Mellies, Markus Meyer, Astrid Meyerfeldt, Angela Schanelec, Thomas Thieme, Anne Tismer, Gerd Wameling, Angela Winkler<\/p>\n<p>Content: German Poetry from the Middle Ages to the Present: 365 Poems for Every Day of the Year 2007<\/p>","protected":false},"excerpt":{"rendered":"<p>Autor: Verschiedene Genre: Literatur, Lyrik Produktion: Deutschlandfunk 2007 Regie: G\u00f6tz Naleppa Regieassistenz: Karena L\u00fctge Ton [&hellip;]<\/p>\n","protected":false},"author":2,"featured_media":0,"comment_status":"closed","ping_status":"closed","sticky":false,"template":"","format":"standard","meta":{"ngg_post_thumbnail":0,"footnotes":""},"categories":[8],"tags":[],"class_list":["post-9011","post","type-post","status-publish","format-standard","hentry","category-hoerspielregie"],"yoast_head":"<!-- This site is optimized with the Yoast SEO plugin v27.3 - https:\/\/yoast.com\/product\/yoast-seo-wordpress\/ -->\n<title>Lyrikkalender 2007 - G\u00f6tz Naleppa<\/title>\n<meta name=\"robots\" content=\"index, follow, max-snippet:-1, max-image-preview:large, max-video-preview:-1\" \/>\n<link rel=\"canonical\" href=\"https:\/\/goetz-naleppa.de\/en\/lyrikkalender-2007\/\" \/>\n<meta property=\"og:locale\" content=\"en_GB\" \/>\n<meta property=\"og:type\" content=\"article\" \/>\n<meta property=\"og:title\" content=\"Lyrikkalender 2007 - G\u00f6tz Naleppa\" \/>\n<meta property=\"og:description\" content=\"Autor: Verschiedene Genre: Literatur, Lyrik Produktion: Deutschlandfunk 2007 Regie: G\u00f6tz Naleppa Regieassistenz: Karena L\u00fctge Ton [&hellip;]\" \/>\n<meta property=\"og:url\" content=\"https:\/\/goetz-naleppa.de\/en\/lyrikkalender-2007\/\" \/>\n<meta property=\"og:site_name\" content=\"G\u00f6tz Naleppa\" \/>\n<meta property=\"article:published_time\" content=\"2007-01-30T17:47:00+00:00\" \/>\n<meta property=\"article:modified_time\" content=\"2026-04-07T14:09:19+00:00\" \/>\n<meta name=\"author\" content=\"G\u00f6tz Naleppa\" \/>\n<meta name=\"twitter:card\" content=\"summary_large_image\" \/>\n<meta name=\"twitter:label1\" content=\"Written by\" \/>\n\t<meta name=\"twitter:data1\" content=\"G\u00f6tz Naleppa\" \/>\n<script type=\"application\/ld+json\" class=\"yoast-schema-graph\">{\"@context\":\"https:\\\/\\\/schema.org\",\"@graph\":[{\"@type\":\"Article\",\"@id\":\"https:\\\/\\\/goetz-naleppa.de\\\/lyrikkalender-2007\\\/#article\",\"isPartOf\":{\"@id\":\"https:\\\/\\\/goetz-naleppa.de\\\/lyrikkalender-2007\\\/\"},\"author\":{\"name\":\"G\u00f6tz Naleppa\",\"@id\":\"https:\\\/\\\/goetz-naleppa.de\\\/#\\\/schema\\\/person\\\/fb5cee4caaec1a8c4fa6dbf56faefbac\"},\"headline\":\"Lyrikkalender 2007\",\"datePublished\":\"2007-01-30T17:47:00+00:00\",\"dateModified\":\"2026-04-07T14:09:19+00:00\",\"mainEntityOfPage\":{\"@id\":\"https:\\\/\\\/goetz-naleppa.de\\\/lyrikkalender-2007\\\/\"},\"wordCount\":76,\"articleSection\":[\"H\u00f6rspielregie\"],\"inLanguage\":\"en-GB\"},{\"@type\":\"WebPage\",\"@id\":\"https:\\\/\\\/goetz-naleppa.de\\\/lyrikkalender-2007\\\/\",\"url\":\"https:\\\/\\\/goetz-naleppa.de\\\/lyrikkalender-2007\\\/\",\"name\":\"Lyrikkalender 2007 - G\u00f6tz Naleppa\",\"isPartOf\":{\"@id\":\"https:\\\/\\\/goetz-naleppa.de\\\/#website\"},\"datePublished\":\"2007-01-30T17:47:00+00:00\",\"dateModified\":\"2026-04-07T14:09:19+00:00\",\"author\":{\"@id\":\"https:\\\/\\\/goetz-naleppa.de\\\/#\\\/schema\\\/person\\\/fb5cee4caaec1a8c4fa6dbf56faefbac\"},\"inLanguage\":\"en-GB\",\"potentialAction\":[{\"@type\":\"ReadAction\",\"target\":[\"https:\\\/\\\/goetz-naleppa.de\\\/lyrikkalender-2007\\\/\"]}]},{\"@type\":\"WebSite\",\"@id\":\"https:\\\/\\\/goetz-naleppa.de\\\/#website\",\"url\":\"https:\\\/\\\/goetz-naleppa.de\\\/\",\"name\":\"G\u00f6tz Naleppa\",\"description\":\"Regisseur und Klangkomponist\",\"potentialAction\":[{\"@type\":\"SearchAction\",\"target\":{\"@type\":\"EntryPoint\",\"urlTemplate\":\"https:\\\/\\\/goetz-naleppa.de\\\/?s={search_term_string}\"},\"query-input\":{\"@type\":\"PropertyValueSpecification\",\"valueRequired\":true,\"valueName\":\"search_term_string\"}}],\"inLanguage\":\"en-GB\"},{\"@type\":\"Person\",\"@id\":\"https:\\\/\\\/goetz-naleppa.de\\\/#\\\/schema\\\/person\\\/fb5cee4caaec1a8c4fa6dbf56faefbac\",\"name\":\"G\u00f6tz Naleppa\",\"image\":{\"@type\":\"ImageObject\",\"inLanguage\":\"en-GB\",\"@id\":\"https:\\\/\\\/secure.gravatar.com\\\/avatar\\\/4e54e2c7e6a9f44731b5857848f3d69c4a7baaa48c2dc989dddf98137417943a?s=96&d=mm&r=g\",\"url\":\"https:\\\/\\\/secure.gravatar.com\\\/avatar\\\/4e54e2c7e6a9f44731b5857848f3d69c4a7baaa48c2dc989dddf98137417943a?s=96&d=mm&r=g\",\"contentUrl\":\"https:\\\/\\\/secure.gravatar.com\\\/avatar\\\/4e54e2c7e6a9f44731b5857848f3d69c4a7baaa48c2dc989dddf98137417943a?s=96&d=mm&r=g\",\"caption\":\"G\u00f6tz Naleppa\"},\"url\":\"https:\\\/\\\/goetz-naleppa.de\\\/en\\\/author\\\/goetz\\\/\"}]}<\/script>\n<!-- \/ Yoast SEO plugin. -->","yoast_head_json":{"title":"Poetry calendar 2007 - G\u00f6tz Naleppa","robots":{"index":"index","follow":"follow","max-snippet":"max-snippet:-1","max-image-preview":"max-image-preview:large","max-video-preview":"max-video-preview:-1"},"canonical":"https:\/\/goetz-naleppa.de\/en\/lyrikkalender-2007\/","og_locale":"en_GB","og_type":"article","og_title":"Lyrikkalender 2007 - G\u00f6tz Naleppa","og_description":"Autor: Verschiedene Genre: Literatur, Lyrik Produktion: Deutschlandfunk 2007 Regie: G\u00f6tz Naleppa Regieassistenz: Karena L\u00fctge Ton [&hellip;]","og_url":"https:\/\/goetz-naleppa.de\/en\/lyrikkalender-2007\/","og_site_name":"G\u00f6tz Naleppa","article_published_time":"2007-01-30T17:47:00+00:00","article_modified_time":"2026-04-07T14:09:19+00:00","author":"G\u00f6tz Naleppa","twitter_card":"summary_large_image","twitter_misc":{"Written by":"G\u00f6tz Naleppa"},"schema":{"@context":"https:\/\/schema.org","@graph":[{"@type":"Article","@id":"https:\/\/goetz-naleppa.de\/lyrikkalender-2007\/#article","isPartOf":{"@id":"https:\/\/goetz-naleppa.de\/lyrikkalender-2007\/"},"author":{"name":"G\u00f6tz Naleppa","@id":"https:\/\/goetz-naleppa.de\/#\/schema\/person\/fb5cee4caaec1a8c4fa6dbf56faefbac"},"headline":"Lyrikkalender 2007","datePublished":"2007-01-30T17:47:00+00:00","dateModified":"2026-04-07T14:09:19+00:00","mainEntityOfPage":{"@id":"https:\/\/goetz-naleppa.de\/lyrikkalender-2007\/"},"wordCount":76,"articleSection":["H\u00f6rspielregie"],"inLanguage":"en-GB"},{"@type":"WebPage","@id":"https:\/\/goetz-naleppa.de\/lyrikkalender-2007\/","url":"https:\/\/goetz-naleppa.de\/lyrikkalender-2007\/","name":"Poetry calendar 2007 - G\u00f6tz Naleppa","isPartOf":{"@id":"https:\/\/goetz-naleppa.de\/#website"},"datePublished":"2007-01-30T17:47:00+00:00","dateModified":"2026-04-07T14:09:19+00:00","author":{"@id":"https:\/\/goetz-naleppa.de\/#\/schema\/person\/fb5cee4caaec1a8c4fa6dbf56faefbac"},"inLanguage":"en-GB","potentialAction":[{"@type":"ReadAction","target":["https:\/\/goetz-naleppa.de\/lyrikkalender-2007\/"]}]},{"@type":"WebSite","@id":"https:\/\/goetz-naleppa.de\/#website","url":"https:\/\/goetz-naleppa.de\/","name":"G\u00f6tz Naleppa","description":"Director and sound composer","potentialAction":[{"@type":"SearchAction","target":{"@type":"EntryPoint","urlTemplate":"https:\/\/goetz-naleppa.de\/?s={search_term_string}"},"query-input":{"@type":"PropertyValueSpecification","valueRequired":true,"valueName":"search_term_string"}}],"inLanguage":"en-GB"},{"@type":"Person","@id":"https:\/\/goetz-naleppa.de\/#\/schema\/person\/fb5cee4caaec1a8c4fa6dbf56faefbac","name":"G\u00f6tz Naleppa","image":{"@type":"ImageObject","inLanguage":"en-GB","@id":"https:\/\/secure.gravatar.com\/avatar\/4e54e2c7e6a9f44731b5857848f3d69c4a7baaa48c2dc989dddf98137417943a?s=96&d=mm&r=g","url":"https:\/\/secure.gravatar.com\/avatar\/4e54e2c7e6a9f44731b5857848f3d69c4a7baaa48c2dc989dddf98137417943a?s=96&d=mm&r=g","contentUrl":"https:\/\/secure.gravatar.com\/avatar\/4e54e2c7e6a9f44731b5857848f3d69c4a7baaa48c2dc989dddf98137417943a?s=96&d=mm&r=g","caption":"G\u00f6tz Naleppa"},"url":"https:\/\/goetz-naleppa.de\/en\/author\/goetz\/"}]}},"brizy_media":[],"_links":{"self":[{"href":"https:\/\/goetz-naleppa.de\/en\/wp-json\/wp\/v2\/posts\/9011","targetHints":{"allow":["GET"]}}],"collection":[{"href":"https:\/\/goetz-naleppa.de\/en\/wp-json\/wp\/v2\/posts"}],"about":[{"href":"https:\/\/goetz-naleppa.de\/en\/wp-json\/wp\/v2\/types\/post"}],"author":[{"embeddable":true,"href":"https:\/\/goetz-naleppa.de\/en\/wp-json\/wp\/v2\/users\/2"}],"replies":[{"embeddable":true,"href":"https:\/\/goetz-naleppa.de\/en\/wp-json\/wp\/v2\/comments?post=9011"}],"version-history":[{"count":1,"href":"https:\/\/goetz-naleppa.de\/en\/wp-json\/wp\/v2\/posts\/9011\/revisions"}],"predecessor-version":[{"id":48255,"href":"https:\/\/goetz-naleppa.de\/en\/wp-json\/wp\/v2\/posts\/9011\/revisions\/48255"}],"wp:attachment":[{"href":"https:\/\/goetz-naleppa.de\/en\/wp-json\/wp\/v2\/media?parent=9011"}],"wp:term":[{"taxonomy":"category","embeddable":true,"href":"https:\/\/goetz-naleppa.de\/en\/wp-json\/wp\/v2\/categories?post=9011"},{"taxonomy":"post_tag","embeddable":true,"href":"https:\/\/goetz-naleppa.de\/en\/wp-json\/wp\/v2\/tags?post=9011"}],"curies":[{"name":"wp","href":"https:\/\/api.w.org\/{rel}","templated":true}]}}